{"id":233,"date":"2020-05-01T10:38:23","date_gmt":"2020-05-01T10:38:23","guid":{"rendered":"http:\/\/localhost\/dina\/?p=233"},"modified":"2022-02-17T11:24:29","modified_gmt":"2022-02-17T11:24:29","slug":"restaurant-signature-dinner","status":"publish","type":"post","link":"https:\/\/la-boussole.com\/?p=233","title":{"rendered":"Saint Germain Des Pr\u00e9s"},"content":{"rendered":"<p style=\"text-align: center;\">Sur un territoire de 28 hectares, au c\u0153ur du 6<sup>\u00e8me<\/sup>\u00a0arrondissement de Paris, le quartier Saint Germain des Pr\u00e8s regorge d\u2019histoire. Avant d\u2019\u00eatre un quartier de mode et de luxe, il fut longtemps un centre d\u2019art et de litt\u00e9rature. D\u00e9couvrez l\u2019histoire fascinante d\u2019un lieu qui est une l\u00e9gende de la culture fran\u00e7aise et de sa capitale.<\/p>\n<h2 style=\"text-align: center;\">Les origines du nom Saint Germain des Pr\u00e8s<\/h2>\n<p style=\"text-align: center;\">Avant d\u2019\u00eatre l\u2019endroit fourmillant de commerces et de caf\u00e9 que l\u2019on connait, le quartier de Saint-Germain-des-Pr\u00e8s fut un simple bourg, bien loin du luxueux quartier d\u2019aujourd\u2019hui. Son histoire a commenc\u00e9 autour de l\u2019abbaye Saint Vincent, en 543. Le lieu de culte a \u00e9t\u00e9 fond\u00e9 par Childebert 1<sup>er<\/sup>, fils de Clovis, sur les directives de l\u2019\u00e9v\u00eaque Germain. Le domaine se situait sur la rive gauche de la Seine, sur le territoire actuel des 6<sup>\u00e8me<\/sup> et 7<sup>\u00e8me<\/sup>arrondissements.<\/p>\n<p style=\"text-align: center;\">Ce ne fut alors qu\u2019une toute petite communaut\u00e9 agglom\u00e9r\u00e9e autour de l\u2019abbaye Saint-Vincent. Le bourg Saint-Germain \u00e9tait constitu\u00e9 d\u2019environ 600 habitants.<\/p>\n<p style=\"text-align: center;\">\u00c0 la mort de l\u2019\u00e9v\u00eaque Germain au 7<sup>\u00e8me<\/sup> si\u00e8cle, l\u2019\u00e9glise a \u00e9t\u00e9 rebaptis\u00e9e en \u00e9glise Saint Germain des Pr\u00e8s. Et ce fut la naissance du quartier Saint Germain des Pr\u00e8s, qui se cr\u00e9e autour de l\u2019\u00e9glise.<\/p>\n<h2 style=\"text-align: center;\">Un centre du monde litt\u00e9raire et artistique<\/h2>\n<p style=\"text-align: center;\">Plus tard, vers le milieu du XIX<sup>\u00e8me<\/sup> si\u00e8cle, le quartier est devenu un haut lieu de rencontre pour les plus grands artistes. Il vu passer ainsi, dans le courant de ce si\u00e8cle et du suivant, des noms illustres de la culture fran\u00e7aise : on y a recens\u00e9 la pr\u00e9sence de Margueritte Duras, Jean-Paul Sartre ou encore Simone de Beauvoir. De grands \u00e9crivains comme Racine, Balzac, Georges Sand, des peintres tels que Delacroix ou Manet, des cin\u00e9astes comme Jean-Luc Godard et Bernard Quentin, l\u2019ont fr\u00e9quent\u00e9 et le quartier est devenu un v\u00e9ritable centre du monde litt\u00e9raire et artistique.<\/p>\n<p style=\"text-align: center;\">Cette abondance d\u2019artistes a favoris\u00e9 la promotion et le rayonnement du quartier, mais aussi le commerce local. Ainsi, de grandes maisons d\u2019\u00e9ditions, dont Gallimard, Le Seuil et Grasset en firent aussi leur si\u00e8ge. Au cours du XX<sup>\u00e8me<\/sup> si\u00e8cle, on assiste \u00e0 l\u2019apparition de grands caf\u00e9s litt\u00e9raires : les Deux Magots, le Flore et Lipp. Philosophes, artistes, acteurs et musiciens aiment s\u2019y c\u00f4toyer et on peut encore les apercevoir dans les petites enseignes du quartier. Lorsque le th\u00e9\u00e2tre est apparu et s\u2019est d\u00e9velopp\u00e9, l\u00e0 encore, cela a entrain\u00e9 les venues de Samuel Becket, Jean Cocteau, Picasso, Charles Aznavour et bien d\u2019autres encore. Saint Germain des Pr\u00e8s est ainsi devenu un quartier super hupp\u00e9 de la r\u00e9gion parisienne. Mais c\u2019est aussi le lieu de r\u00e9f\u00e9rence pour les clubs de jazz.<\/p>\n<h2><img fetchpriority=\"high\" decoding=\"async\" class=\"alignnone size-large wp-image-2144\" src=\"https:\/\/la-boussole.com\/wp-content\/uploads\/2020\/04\/bruno-abatti-mEfIhOTH27w-unsplash-1440x960.jpg\" alt=\"\" width=\"1440\" height=\"960\" srcset=\"https:\/\/la-boussole.com\/wp-content\/uploads\/2020\/04\/bruno-abatti-mEfIhOTH27w-unsplash-1440x960.jpg 1440w, https:\/\/la-boussole.com\/wp-content\/uploads\/2020\/04\/bruno-abatti-mEfIhOTH27w-unsplash-300x200.jpg 300w, https:\/\/la-boussole.com\/wp-content\/uploads\/2020\/04\/bruno-abatti-mEfIhOTH27w-unsplash-1536x1024.jpg 1536w, https:\/\/la-boussole.com\/wp-content\/uploads\/2020\/04\/bruno-abatti-mEfIhOTH27w-unsplash-2048x1365.jpg 2048w, https:\/\/la-boussole.com\/wp-content\/uploads\/2020\/04\/bruno-abatti-mEfIhOTH27w-unsplash-800x533.jpg 800w\" sizes=\"(max-width: 1440px) 100vw, 1440px\" \/><\/h2>\n<ul>\n<li style=\"text-align: center;\">\n<h2 style=\"text-align: center;\">Un quartier de mode et de luxe<\/h2>\n<p style=\"text-align: center;\">Apr\u00e8s tant d\u2019ann\u00e9es d\u2019illustres fr\u00e9quentations, la popularit\u00e9 de Saint Germain des Pr\u00e8s a attir\u00e9 dans le d\u00e9but des ann\u00e9es 1970 une vague de tourisme international. Cela a transform\u00e9 le quartier de fond en comble et de centre d\u2019art et culture, on est vite (trop vite) pass\u00e9 \u00e0 la mode et au luxe. Beaucoup de librairies et de grandes maisons d\u2019\u00e9ditions ont d\u00fb fermer leurs portes, pour laisser place aux grandes marques comme Yves Saint Laurent Rive Gauche et Sonia Rykiel. On a ainsi assister \u00e0 la transformation totale du quartier et nombre de petites boutiques d\u2019antan se sont trouv\u00e9s colonis\u00e9es par les grandes enseignes telles que Louis Vuitton, Christian Dior, Cartier\u2026 Du point de vue architecture, les b\u00e2timents du XVII<sup>\u00e8me<\/sup> si\u00e8cle conservent toujours leurs \u00e2mes historiques mais ils sont devenus des magasins de mode et de luxe. Malgr\u00e8 tout cela Saint-Germain conserve son \u00e2me unique et l\u2019on y prend toujours un plaisir tr\u00e8s sp\u00e9cial \u00e0 s\u2019y promener sur les traces de son \u00e2ge d\u2019or culturel.<\/p>\n<\/li>\n<\/ul>\n","protected":false},"excerpt":{"rendered":"<p>Sur un territoire de 28 hectares, au c\u0153ur du 6\u00e8me\u00a0arrondissement de Paris, le quartier Saint Germain des Pr\u00e8s regorge d\u2019histoire. Avant d\u2019\u00eatre un quartier de&hellip;<\/p>\n","protected":false},"author":1,"featured_media":458,"comment_status":"open","ping_status":"open","sticky":false,"template":"","format":"standard","meta":{"footnotes":""},"categories":[1],"tags":[15,21],"class_list":["post-233","post","type-post","status-publish","format-standard","has-post-thumbnail","hentry","category-uncategorized","tag-egg","tag-salad"],"yoast_head":"<!-- This site is optimized with the Yoast SEO plugin v24.0 - https:\/\/yoast.com\/wordpress\/plugins\/seo\/ -->\n<title>Saint Germain Des Pr\u00e9s - LA BOUSSOLE PARIS<\/title>\n<meta name=\"robots\" content=\"index, follow, max-snippet:-1, max-image-preview:large, max-video-preview:-1\" \/>\n<link rel=\"canonical\" href=\"https:\/\/la-boussole.com\/?p=233\" \/>\n<meta property=\"og:locale\" content=\"fr_FR\" \/>\n<meta property=\"og:type\" content=\"article\" \/>\n<meta property=\"og:title\" content=\"Saint Germain Des Pr\u00e9s - LA BOUSSOLE PARIS\" \/>\n<meta property=\"og:description\" content=\"Sur un territoire de 28 hectares, au c\u0153ur du 6\u00e8me\u00a0arrondissement de Paris, le quartier Saint Germain des Pr\u00e8s regorge d\u2019histoire. Avant d\u2019\u00eatre un quartier de&hellip;\" \/>\n<meta property=\"og:url\" content=\"https:\/\/la-boussole.com\/?p=233\" \/>\n<meta property=\"og:site_name\" content=\"LA BOUSSOLE PARIS\" \/>\n<meta property=\"article:publisher\" content=\"https:\/\/www.facebook.com\/laboussole.paris\" \/>\n<meta property=\"article:published_time\" content=\"2020-05-01T10:38:23+00:00\" \/>\n<meta property=\"article:modified_time\" content=\"2022-02-17T11:24:29+00:00\" \/>\n<meta name=\"author\" content=\"admin\" \/>\n<meta name=\"twitter:card\" content=\"summary_large_image\" \/>\n<meta name=\"twitter:label1\" content=\"\u00c9crit par\" \/>\n\t<meta name=\"twitter:data1\" content=\"admin\" \/>\n\t<meta name=\"twitter:label2\" content=\"Dur\u00e9e de lecture estim\u00e9e\" \/>\n\t<meta name=\"twitter:data2\" content=\"3 minutes\" \/>\n<script type=\"application\/ld+json\" class=\"yoast-schema-graph\">{\"@context\":\"https:\/\/schema.org\",\"@graph\":[{\"@type\":\"Article\",\"@id\":\"https:\/\/la-boussole.com\/?p=233#article\",\"isPartOf\":{\"@id\":\"https:\/\/la-boussole.com\/?p=233\"},\"author\":{\"name\":\"admin\",\"@id\":\"https:\/\/la-boussole.com\/#\/schema\/person\/b1aa218dbf6340a21d3f6017bd31d1b8\"},\"headline\":\"Saint Germain Des Pr\u00e9s\",\"datePublished\":\"2020-05-01T10:38:23+00:00\",\"dateModified\":\"2022-02-17T11:24:29+00:00\",\"mainEntityOfPage\":{\"@id\":\"https:\/\/la-boussole.com\/?p=233\"},\"wordCount\":680,\"commentCount\":1,\"publisher\":{\"@id\":\"https:\/\/la-boussole.com\/#organization\"},\"image\":{\"@id\":\"https:\/\/la-boussole.com\/?p=233#primaryimage\"},\"thumbnailUrl\":\"\",\"keywords\":[\"egg\",\"salad\"],\"articleSection\":[\"Uncategorized\"],\"inLanguage\":\"fr-FR\",\"potentialAction\":[{\"@type\":\"CommentAction\",\"name\":\"Comment\",\"target\":[\"https:\/\/la-boussole.com\/?p=233#respond\"]}]},{\"@type\":\"WebPage\",\"@id\":\"https:\/\/la-boussole.com\/?p=233\",\"url\":\"https:\/\/la-boussole.com\/?p=233\",\"name\":\"Saint Germain Des Pr\u00e9s - LA BOUSSOLE PARIS\",\"isPartOf\":{\"@id\":\"https:\/\/la-boussole.com\/#website\"},\"primaryImageOfPage\":{\"@id\":\"https:\/\/la-boussole.com\/?p=233#primaryimage\"},\"image\":{\"@id\":\"https:\/\/la-boussole.com\/?p=233#primaryimage\"},\"thumbnailUrl\":\"\",\"datePublished\":\"2020-05-01T10:38:23+00:00\",\"dateModified\":\"2022-02-17T11:24:29+00:00\",\"breadcrumb\":{\"@id\":\"https:\/\/la-boussole.com\/?p=233#breadcrumb\"},\"inLanguage\":\"fr-FR\",\"potentialAction\":[{\"@type\":\"ReadAction\",\"target\":[\"https:\/\/la-boussole.com\/?p=233\"]}]},{\"@type\":\"ImageObject\",\"inLanguage\":\"fr-FR\",\"@id\":\"https:\/\/la-boussole.com\/?p=233#primaryimage\",\"url\":\"\",\"contentUrl\":\"\"},{\"@type\":\"BreadcrumbList\",\"@id\":\"https:\/\/la-boussole.com\/?p=233#breadcrumb\",\"itemListElement\":[{\"@type\":\"ListItem\",\"position\":1,\"name\":\"Accueil\",\"item\":\"https:\/\/la-boussole.com\/\"},{\"@type\":\"ListItem\",\"position\":2,\"name\":\"Saint Germain Des Pr\u00e9s\"}]},{\"@type\":\"WebSite\",\"@id\":\"https:\/\/la-boussole.com\/#website\",\"url\":\"https:\/\/la-boussole.com\/\",\"name\":\"LA BOUSSOLE PARIS\",\"description\":\"\",\"publisher\":{\"@id\":\"https:\/\/la-boussole.com\/#organization\"},\"potentialAction\":[{\"@type\":\"SearchAction\",\"target\":{\"@type\":\"EntryPoint\",\"urlTemplate\":\"https:\/\/la-boussole.com\/?s={search_term_string}\"},\"query-input\":{\"@type\":\"PropertyValueSpecification\",\"valueRequired\":true,\"valueName\":\"search_term_string\"}}],\"inLanguage\":\"fr-FR\"},{\"@type\":\"Organization\",\"@id\":\"https:\/\/la-boussole.com\/#organization\",\"name\":\"LA BOUSSOLE PARIS\",\"url\":\"https:\/\/la-boussole.com\/\",\"logo\":{\"@type\":\"ImageObject\",\"inLanguage\":\"fr-FR\",\"@id\":\"https:\/\/la-boussole.com\/#\/schema\/logo\/image\/\",\"url\":\"https:\/\/la-boussole.com\/wp-content\/uploads\/2022\/02\/cropped-Logo-vita-faca-A.jpg\",\"contentUrl\":\"https:\/\/la-boussole.com\/wp-content\/uploads\/2022\/02\/cropped-Logo-vita-faca-A.jpg\",\"width\":512,\"height\":512,\"caption\":\"LA BOUSSOLE PARIS\"},\"image\":{\"@id\":\"https:\/\/la-boussole.com\/#\/schema\/logo\/image\/\"},\"sameAs\":[\"https:\/\/www.facebook.com\/laboussole.paris\"]},{\"@type\":\"Person\",\"@id\":\"https:\/\/la-boussole.com\/#\/schema\/person\/b1aa218dbf6340a21d3f6017bd31d1b8\",\"name\":\"admin\",\"image\":{\"@type\":\"ImageObject\",\"inLanguage\":\"fr-FR\",\"@id\":\"https:\/\/la-boussole.com\/#\/schema\/person\/image\/\",\"url\":\"https:\/\/secure.gravatar.com\/avatar\/9d55ef5b9946097e8d66a76729936d20?s=96&d=mm&r=g\",\"contentUrl\":\"https:\/\/secure.gravatar.com\/avatar\/9d55ef5b9946097e8d66a76729936d20?s=96&d=mm&r=g\",\"caption\":\"admin\"},\"sameAs\":[\"https:\/\/la-boussole.com\"],\"url\":\"https:\/\/la-boussole.com\/?author=1\"}]}<\/script>\n<!-- \/ Yoast SEO plugin. -->","yoast_head_json":{"title":"Saint Germain Des Pr\u00e9s - LA BOUSSOLE PARIS","robots":{"index":"index","follow":"follow","max-snippet":"max-snippet:-1","max-image-preview":"max-image-preview:large","max-video-preview":"max-video-preview:-1"},"canonical":"https:\/\/la-boussole.com\/?p=233","og_locale":"fr_FR","og_type":"article","og_title":"Saint Germain Des Pr\u00e9s - LA BOUSSOLE PARIS","og_description":"Sur un territoire de 28 hectares, au c\u0153ur du 6\u00e8me\u00a0arrondissement de Paris, le quartier Saint Germain des Pr\u00e8s regorge d\u2019histoire. Avant d\u2019\u00eatre un quartier de&hellip;","og_url":"https:\/\/la-boussole.com\/?p=233","og_site_name":"LA BOUSSOLE PARIS","article_publisher":"https:\/\/www.facebook.com\/laboussole.paris","article_published_time":"2020-05-01T10:38:23+00:00","article_modified_time":"2022-02-17T11:24:29+00:00","author":"admin","twitter_card":"summary_large_image","twitter_misc":{"\u00c9crit par":"admin","Dur\u00e9e de lecture estim\u00e9e":"3 minutes"},"schema":{"@context":"https:\/\/schema.org","@graph":[{"@type":"Article","@id":"https:\/\/la-boussole.com\/?p=233#article","isPartOf":{"@id":"https:\/\/la-boussole.com\/?p=233"},"author":{"name":"admin","@id":"https:\/\/la-boussole.com\/#\/schema\/person\/b1aa218dbf6340a21d3f6017bd31d1b8"},"headline":"Saint Germain Des Pr\u00e9s","datePublished":"2020-05-01T10:38:23+00:00","dateModified":"2022-02-17T11:24:29+00:00","mainEntityOfPage":{"@id":"https:\/\/la-boussole.com\/?p=233"},"wordCount":680,"commentCount":1,"publisher":{"@id":"https:\/\/la-boussole.com\/#organization"},"image":{"@id":"https:\/\/la-boussole.com\/?p=233#primaryimage"},"thumbnailUrl":"","keywords":["egg","salad"],"articleSection":["Uncategorized"],"inLanguage":"fr-FR","potentialAction":[{"@type":"CommentAction","name":"Comment","target":["https:\/\/la-boussole.com\/?p=233#respond"]}]},{"@type":"WebPage","@id":"https:\/\/la-boussole.com\/?p=233","url":"https:\/\/la-boussole.com\/?p=233","name":"Saint Germain Des Pr\u00e9s - LA BOUSSOLE PARIS","isPartOf":{"@id":"https:\/\/la-boussole.com\/#website"},"primaryImageOfPage":{"@id":"https:\/\/la-boussole.com\/?p=233#primaryimage"},"image":{"@id":"https:\/\/la-boussole.com\/?p=233#primaryimage"},"thumbnailUrl":"","datePublished":"2020-05-01T10:38:23+00:00","dateModified":"2022-02-17T11:24:29+00:00","breadcrumb":{"@id":"https:\/\/la-boussole.com\/?p=233#breadcrumb"},"inLanguage":"fr-FR","potentialAction":[{"@type":"ReadAction","target":["https:\/\/la-boussole.com\/?p=233"]}]},{"@type":"ImageObject","inLanguage":"fr-FR","@id":"https:\/\/la-boussole.com\/?p=233#primaryimage","url":"","contentUrl":""},{"@type":"BreadcrumbList","@id":"https:\/\/la-boussole.com\/?p=233#breadcrumb","itemListElement":[{"@type":"ListItem","position":1,"name":"Accueil","item":"https:\/\/la-boussole.com\/"},{"@type":"ListItem","position":2,"name":"Saint Germain Des Pr\u00e9s"}]},{"@type":"WebSite","@id":"https:\/\/la-boussole.com\/#website","url":"https:\/\/la-boussole.com\/","name":"LA BOUSSOLE PARIS","description":"","publisher":{"@id":"https:\/\/la-boussole.com\/#organization"},"potentialAction":[{"@type":"SearchAction","target":{"@type":"EntryPoint","urlTemplate":"https:\/\/la-boussole.com\/?s={search_term_string}"},"query-input":{"@type":"PropertyValueSpecification","valueRequired":true,"valueName":"search_term_string"}}],"inLanguage":"fr-FR"},{"@type":"Organization","@id":"https:\/\/la-boussole.com\/#organization","name":"LA BOUSSOLE PARIS","url":"https:\/\/la-boussole.com\/","logo":{"@type":"ImageObject","inLanguage":"fr-FR","@id":"https:\/\/la-boussole.com\/#\/schema\/logo\/image\/","url":"https:\/\/la-boussole.com\/wp-content\/uploads\/2022\/02\/cropped-Logo-vita-faca-A.jpg","contentUrl":"https:\/\/la-boussole.com\/wp-content\/uploads\/2022\/02\/cropped-Logo-vita-faca-A.jpg","width":512,"height":512,"caption":"LA BOUSSOLE PARIS"},"image":{"@id":"https:\/\/la-boussole.com\/#\/schema\/logo\/image\/"},"sameAs":["https:\/\/www.facebook.com\/laboussole.paris"]},{"@type":"Person","@id":"https:\/\/la-boussole.com\/#\/schema\/person\/b1aa218dbf6340a21d3f6017bd31d1b8","name":"admin","image":{"@type":"ImageObject","inLanguage":"fr-FR","@id":"https:\/\/la-boussole.com\/#\/schema\/person\/image\/","url":"https:\/\/secure.gravatar.com\/avatar\/9d55ef5b9946097e8d66a76729936d20?s=96&d=mm&r=g","contentUrl":"https:\/\/secure.gravatar.com\/avatar\/9d55ef5b9946097e8d66a76729936d20?s=96&d=mm&r=g","caption":"admin"},"sameAs":["https:\/\/la-boussole.com"],"url":"https:\/\/la-boussole.com\/?author=1"}]}},"_links":{"self":[{"href":"https:\/\/la-boussole.com\/index.php?rest_route=\/wp\/v2\/posts\/233","targetHints":{"allow":["GET"]}}],"collection":[{"href":"https:\/\/la-boussole.com\/index.php?rest_route=\/wp\/v2\/posts"}],"about":[{"href":"https:\/\/la-boussole.com\/index.php?rest_route=\/wp\/v2\/types\/post"}],"author":[{"embeddable":true,"href":"https:\/\/la-boussole.com\/index.php?rest_route=\/wp\/v2\/users\/1"}],"replies":[{"embeddable":true,"href":"https:\/\/la-boussole.com\/index.php?rest_route=%2Fwp%2Fv2%2Fcomments&post=233"}],"version-history":[{"count":6,"href":"https:\/\/la-boussole.com\/index.php?rest_route=\/wp\/v2\/posts\/233\/revisions"}],"predecessor-version":[{"id":2179,"href":"https:\/\/la-boussole.com\/index.php?rest_route=\/wp\/v2\/posts\/233\/revisions\/2179"}],"wp:featuredmedia":[{"embeddable":true,"href":"https:\/\/la-boussole.com\/index.php?rest_route=\/"}],"wp:attachment":[{"href":"https:\/\/la-boussole.com\/index.php?rest_route=%2Fwp%2Fv2%2Fmedia&parent=233"}],"wp:term":[{"taxonomy":"category","embeddable":true,"href":"https:\/\/la-boussole.com\/index.php?rest_route=%2Fwp%2Fv2%2Fcategories&post=233"},{"taxonomy":"post_tag","embeddable":true,"href":"https:\/\/la-boussole.com\/index.php?rest_route=%2Fwp%2Fv2%2Ftags&post=233"}],"curies":[{"name":"wp","href":"https:\/\/api.w.org\/{rel}","templated":true}]}}